{"id":6022,"date":"2019-08-14T17:55:05","date_gmt":"2019-08-14T15:55:05","guid":{"rendered":"http:\/\/morningfog.de\/?p=6022"},"modified":"2019-08-14T17:55:57","modified_gmt":"2019-08-14T15:55:57","slug":"neue-arte-doku-schon-im-september","status":"publish","type":"post","link":"https:\/\/morningfog.de\/?p=6022","title":{"rendered":"Neue arte-Doku schon im September"},"content":{"rendered":"\n<figure class=\"wp-block-image\"><img loading=\"lazy\" decoding=\"async\" width=\"620\" height=\"687\" src=\"http:\/\/morningfog.de\/wp-content\/uploads\/2019\/06\/arte620.jpg\" alt=\"\" class=\"wp-image-5946\" srcset=\"https:\/\/morningfog.de\/wp-content\/uploads\/2019\/06\/arte620.jpg 620w, https:\/\/morningfog.de\/wp-content\/uploads\/2019\/06\/arte620-271x300.jpg 271w\" sizes=\"auto, (max-width: 620px) 100vw, 620px\" \/><\/figure>\n\n\n\n<p>Die neue arte-Dokumentation \u00fcber Kate Bush soll bereits am 13. September (in Deutschland um 21.50 Uhr) im TV ausgestrahlt werden. Urspr\u00fcnglich war ein Sendertermin im Oktober vorgesehen. Online ist die 52-min\u00fctige Doku von Claire Laborey noch fr\u00fcher abrufbar: Am 6. September ist sie ab 5 Uhr auf <a href=\"https:\/\/www.arte.tv\/de\/\">arte.tv<\/a> in der Mediathek online zu sehen, wie eine Sprecherin von arte auf Anfrage best\u00e4tigte. Claire Laborey hatte im Mai 2018 mit den Arbeiten zur Doku begonnen und sich f\u00fcr ihren Film mit Weggef\u00e4hrten und Fans von Kate unterhalten. Die Doku will die vier Jahrzehnte umspannende Karriere von Kate aufgreifen und der Frage nachgehen, wie der Kate Bush-Mythos entstehen konnte.<\/p>\n","protected":false},"excerpt":{"rendered":"<p>Die neue arte-Dokumentation \u00fcber Kate Bush soll bereits am 13. September (in Deutschland um 21.50 Uhr) im TV ausgestrahlt werden. Urspr\u00fcnglich war ein Sendertermin im Oktober vorgesehen. Online ist die 52-min\u00fctige Doku von Claire Laborey noch fr\u00fcher abrufbar: Am 6. September ist sie ab 5 Uhr auf arte.tv in der Mediathek online zu sehen, wie &hellip; <\/p>\n<p><a class=\"more-link btn\" href=\"https:\/\/morningfog.de\/?p=6022\">Weiterlesen<\/a><\/p>\n","protected":false},"author":1,"featured_media":0,"comment_status":"open","ping_status":"open","sticky":false,"template":"","format":"standard","meta":{"footnotes":""},"categories":[9],"tags":[884,885,243],"class_list":["post-6022","post","type-post","status-publish","format-standard","hentry","category-news","tag-arte","tag-claire-laborey","tag-tv","item-wrap"],"_links":{"self":[{"href":"https:\/\/morningfog.de\/index.php?rest_route=\/wp\/v2\/posts\/6022","targetHints":{"allow":["GET"]}}],"collection":[{"href":"https:\/\/morningfog.de\/index.php?rest_route=\/wp\/v2\/posts"}],"about":[{"href":"https:\/\/morningfog.de\/index.php?rest_route=\/wp\/v2\/types\/post"}],"author":[{"embeddable":true,"href":"https:\/\/morningfog.de\/index.php?rest_route=\/wp\/v2\/users\/1"}],"replies":[{"embeddable":true,"href":"https:\/\/morningfog.de\/index.php?rest_route=%2Fwp%2Fv2%2Fcomments&post=6022"}],"version-history":[{"count":1,"href":"https:\/\/morningfog.de\/index.php?rest_route=\/wp\/v2\/posts\/6022\/revisions"}],"predecessor-version":[{"id":6023,"href":"https:\/\/morningfog.de\/index.php?rest_route=\/wp\/v2\/posts\/6022\/revisions\/6023"}],"wp:attachment":[{"href":"https:\/\/morningfog.de\/index.php?rest_route=%2Fwp%2Fv2%2Fmedia&parent=6022"}],"wp:term":[{"taxonomy":"category","embeddable":true,"href":"https:\/\/morningfog.de\/index.php?rest_route=%2Fwp%2Fv2%2Fcategories&post=6022"},{"taxonomy":"post_tag","embeddable":true,"href":"https:\/\/morningfog.de\/index.php?rest_route=%2Fwp%2Fv2%2Ftags&post=6022"}],"curies":[{"name":"wp","href":"https:\/\/api.w.org\/{rel}","templated":true}]}}