{"id":3835,"date":"2016-04-20T22:26:48","date_gmt":"2016-04-20T20:26:48","guid":{"rendered":"http:\/\/morningfog.de\/?p=3835"},"modified":"2017-07-23T12:38:22","modified_gmt":"2017-07-23T10:38:22","slug":"the-kate-inside-buch-kommt-am-31-august","status":"publish","type":"post","link":"https:\/\/morningfog.de\/?p=3835","title":{"rendered":"&#8222;The Kate Inside&#8220;: Buch kommt am 31. August"},"content":{"rendered":"<p><a href=\"http:\/\/morningfog.de\/wp-content\/uploads\/2016\/04\/tkatei2.jpg\"><img loading=\"lazy\" decoding=\"async\" class=\"aligncenter size-full wp-image-3836\" src=\"http:\/\/morningfog.de\/wp-content\/uploads\/2016\/04\/tkatei2.jpg\" alt=\"tkatei2\" width=\"620\" height=\"493\" srcset=\"https:\/\/morningfog.de\/wp-content\/uploads\/2016\/04\/tkatei2.jpg 620w, https:\/\/morningfog.de\/wp-content\/uploads\/2016\/04\/tkatei2-300x238.jpg 300w\" sizes=\"auto, (max-width: 620px) 100vw, 620px\" \/><\/a>Die Ver\u00f6ffentlichung des Buches &#8222;The Kate Inside&#8220; von Guido Harari wird sich weiter verschieben: neuer Termin ist der 31. August. Der Grund: Ab dem 1. September wird die &#8222;Wall of Sound&#8220;-Gallerie in London mit den Bildern aus dem Buch eine Ausstellung bestreiten, w\u00e4hrend der auch das Buch promotet werden soll. Die Ausstellung wird bis zum 11. September ge\u00f6ffnet sein. &#8222;Dies wird f\u00fcr alle eine einmalige Gelegenheit sein, Fotos zu sehen, die bisher nie gezeigt wurden oder Jahrzehnte lang nicht mehr zu sehen waren&#8220;, schreibt Guido Harari auf seiner Facebook-Seite und verspricht zudem speziell f\u00fcr das Buch entwickelte &#8222;brand new &#8218;illusions'&#8220;. Teil der Ausstellung ist auch eine Veranstaltung mit Guido Harari und Lindsay Kemp, bei der Fans Fragen stellen k\u00f6nnen. Als kleine Entsch\u00e4digung daf\u00fcr, dass der urspr\u00fcngliche Ver\u00f6ffentlichungstermin von M\u00e4rz auf Mai und jetzt auf Ende August verschoben wurde, sollen alle, die das Buch bereits geordert und bezahlt haben, eine dem Buch beigelegte Karte mit einem Kate-Motiv erhalten. Die Auslieferung der B\u00fccher soll mit Beginn der Ausstellung erfolgen.<\/p>\n","protected":false},"excerpt":{"rendered":"<p>Die Ver\u00f6ffentlichung des Buches &#8222;The Kate Inside&#8220; von Guido Harari wird sich weiter verschieben: neuer Termin ist der 31. August. Der Grund: Ab dem 1. September wird die &#8222;Wall of Sound&#8220;-Gallerie in London mit den Bildern aus dem Buch eine Ausstellung bestreiten, w\u00e4hrend der auch das Buch promotet werden soll. Die Ausstellung wird bis zum &hellip; <\/p>\n<p><a class=\"more-link btn\" href=\"https:\/\/morningfog.de\/?p=3835\">Weiterlesen<\/a><\/p>\n","protected":false},"author":1,"featured_media":0,"comment_status":"open","ping_status":"closed","sticky":false,"template":"","format":"standard","meta":{"footnotes":""},"categories":[9],"tags":[397,605,130,604,676],"class_list":["post-3835","post","type-post","status-publish","format-standard","hentry","category-news","tag-guido-harari","tag-lindsay-kemp","tag-london","tag-the-kate-inside","tag-wall-of-sound","item-wrap"],"_links":{"self":[{"href":"https:\/\/morningfog.de\/index.php?rest_route=\/wp\/v2\/posts\/3835","targetHints":{"allow":["GET"]}}],"collection":[{"href":"https:\/\/morningfog.de\/index.php?rest_route=\/wp\/v2\/posts"}],"about":[{"href":"https:\/\/morningfog.de\/index.php?rest_route=\/wp\/v2\/types\/post"}],"author":[{"embeddable":true,"href":"https:\/\/morningfog.de\/index.php?rest_route=\/wp\/v2\/users\/1"}],"replies":[{"embeddable":true,"href":"https:\/\/morningfog.de\/index.php?rest_route=%2Fwp%2Fv2%2Fcomments&post=3835"}],"version-history":[{"count":1,"href":"https:\/\/morningfog.de\/index.php?rest_route=\/wp\/v2\/posts\/3835\/revisions"}],"predecessor-version":[{"id":3837,"href":"https:\/\/morningfog.de\/index.php?rest_route=\/wp\/v2\/posts\/3835\/revisions\/3837"}],"wp:attachment":[{"href":"https:\/\/morningfog.de\/index.php?rest_route=%2Fwp%2Fv2%2Fmedia&parent=3835"}],"wp:term":[{"taxonomy":"category","embeddable":true,"href":"https:\/\/morningfog.de\/index.php?rest_route=%2Fwp%2Fv2%2Fcategories&post=3835"},{"taxonomy":"post_tag","embeddable":true,"href":"https:\/\/morningfog.de\/index.php?rest_route=%2Fwp%2Fv2%2Ftags&post=3835"}],"curies":[{"name":"wp","href":"https:\/\/api.w.org\/{rel}","templated":true}]}}